{"id":119914,"date":"2025-03-28T10:18:27","date_gmt":"2025-03-28T08:18:27","guid":{"rendered":"https:\/\/jmyo.fi\/?p=119914"},"modified":"2025-07-08T17:14:47","modified_gmt":"2025-07-08T14:14:47","slug":"etsitaan-metsatiloja-metsasuunnitelman-laadinnan-kurssille","status":"publish","type":"post","link":"https:\/\/jmyo.fi\/en\/yleinen\/etsitaan-metsatiloja-metsasuunnitelman-laadinnan-kurssille\/","title":{"rendered":"Etsit\u00e4\u00e4n mets\u00e4tiloja mets\u00e4suunnitelman laadinnan kurssille"},"content":{"rendered":"<p>Joensuun mets\u00e4ylioppilaat etsii uusia mets\u00e4tiloja mets\u00e4suunnitelman laadinnan kurssille.  Mik\u00e4li sinulla tai tutullasi on mets\u00e4tila vailla mets\u00e4suunnitelmaa niin nyt on oiva mahdollisuus teett\u00e4\u00e4 se alan opiskelijoiden kautta!<\/p><p>Osana opintojaan Joensuun mets\u00e4ylioppilaat harjoittelevat mets\u00e4suunnitelman laadintaa. Mets\u00e4suunnitelman laadinta kuuluu osaksi mets\u00e4suunnittelun kurssia, joka j\u00e4rjestet\u00e4\u00e4n joka vuosi syyskuun alussa. Suunnitelman laadinta tarjoaa opiskelijoille hyv\u00e4n kosketuksen tulevaisuuden mahdollisiin ty\u00f6teht\u00e4viin, sek\u00e4 kehitt\u00e4\u00e4 vuorovaikutustaitoja kun suunnitelmat tehd\u00e4\u00e4n yhteisty\u00f6ss\u00e4 varsinaisten mets\u00e4nomistajien kanssa. Etsimme jatkuvasti uusia mets\u00e4tiloja, joilla ei ole viel\u00e4 mets\u00e4suunnitelmaa.<\/p><p>Millaisia tiloja haetaan?<\/p><ul class=\"wp-block-list\"><li>Suunniteltavan tilan tulee olla enint\u00e4\u00e4n noin 100km p\u00e4\u00e4ss\u00e4 Joensuusta<\/li>\n\n<li>Tilakoolla ei ole merkityst\u00e4. Ota rohkeasti yhteytt\u00e4!<\/li>\n\n<li>Hinta 8\u20ac\/ha<\/li><\/ul><p>Mik\u00e4li sinulla on mets\u00e4tila jolle haluat mets\u00e4suunnitelman ja tukea samalla mets\u00e4alan opiskelijoita, ota meihin rohkeasti yhteytt\u00e4: hallitus@jmyo.fi<\/p><p><\/p>","protected":false},"excerpt":{"rendered":"<p>Joensuun mets\u00e4ylioppilaat etsii uusia mets\u00e4tiloja mets\u00e4suunnitelman laadinnan kurssille. Mik\u00e4li sinulla tai tutullasi on mets\u00e4tila vailla mets\u00e4suunnitelmaa niin nyt on oiva mahdollisuus teett\u00e4\u00e4 se alan opiskelijoiden kautta! Osana opintojaan Joensuun mets\u00e4ylioppilaat [&hellip;]<\/p>","protected":false},"author":4,"featured_media":119920,"comment_status":"closed","ping_status":"closed","sticky":false,"template":"","format":"standard","meta":{"_acf_changed":false,"footnotes":""},"categories":[31],"tags":[],"class_list":["post-119914","post","type-post","status-publish","format-standard","has-post-thumbnail","hentry","category-yleinen"],"acf":[],"yoast_head":"<!-- This site is optimized with the Yoast SEO plugin v24.7 - https:\/\/yoast.com\/wordpress\/plugins\/seo\/ -->\n<title>Etsit\u00e4\u00e4n mets\u00e4tiloja mets\u00e4suunnitelman laadinnan kurssille - Joensuun Mets\u00e4ylioppilaat ry<\/title>\n<meta name=\"robots\" content=\"index, follow, max-snippet:-1, max-image-preview:large, max-video-preview:-1\" \/>\n<link rel=\"canonical\" href=\"https:\/\/jmyo.fi\/en\/yleinen\/etsitaan-metsatiloja-metsasuunnitelman-laadinnan-kurssille\/\" \/>\n<meta property=\"og:locale\" content=\"en_US\" \/>\n<meta property=\"og:type\" content=\"article\" \/>\n<meta property=\"og:title\" content=\"Etsit\u00e4\u00e4n mets\u00e4tiloja mets\u00e4suunnitelman laadinnan kurssille - Joensuun Mets\u00e4ylioppilaat ry\" \/>\n<meta property=\"og:description\" content=\"Joensuun mets\u00e4ylioppilaat etsii uusia mets\u00e4tiloja mets\u00e4suunnitelman laadinnan kurssille. Mik\u00e4li sinulla tai tutullasi on mets\u00e4tila vailla mets\u00e4suunnitelmaa niin nyt on oiva mahdollisuus teett\u00e4\u00e4 se alan opiskelijoiden kautta! Osana opintojaan Joensuun mets\u00e4ylioppilaat [&hellip;]\" \/>\n<meta property=\"og:url\" content=\"https:\/\/jmyo.fi\/en\/yleinen\/etsitaan-metsatiloja-metsasuunnitelman-laadinnan-kurssille\/\" \/>\n<meta property=\"og:site_name\" content=\"Joensuun Mets\u00e4ylioppilaat ry\" \/>\n<meta property=\"article:published_time\" content=\"2025-03-28T08:18:27+00:00\" \/>\n<meta property=\"article:modified_time\" content=\"2025-07-08T14:14:47+00:00\" \/>\n<meta property=\"og:image\" content=\"https:\/\/jmyo.fi\/paasivusto\/wp-content\/uploads\/2025\/03\/metso_relaskooppi.png\" \/>\n\t<meta property=\"og:image:width\" content=\"2048\" \/>\n\t<meta property=\"og:image:height\" content=\"2048\" \/>\n\t<meta property=\"og:image:type\" content=\"image\/png\" \/>\n<meta name=\"author\" content=\"yllapito\" \/>\n<meta name=\"twitter:card\" content=\"summary_large_image\" \/>\n<meta name=\"twitter:label1\" content=\"Written by\" \/>\n\t<meta name=\"twitter:data1\" content=\"yllapito\" \/>\n\t<meta name=\"twitter:label2\" content=\"Est. reading time\" \/>\n\t<meta name=\"twitter:data2\" content=\"1 minute\" \/>\n<script type=\"application\/ld+json\" class=\"yoast-schema-graph\">{\"@context\":\"https:\/\/schema.org\",\"@graph\":[{\"@type\":\"Article\",\"@id\":\"https:\/\/jmyo.fi\/yleinen\/etsitaan-metsatiloja-metsasuunnitelman-laadinnan-kurssille\/#article\",\"isPartOf\":{\"@id\":\"https:\/\/jmyo.fi\/yleinen\/etsitaan-metsatiloja-metsasuunnitelman-laadinnan-kurssille\/\"},\"author\":{\"name\":\"yllapito\",\"@id\":\"https:\/\/jmyo.fi\/#\/schema\/person\/114e3f6b3ff56c51094161a93b3d3fec\"},\"headline\":\"Etsit\u00e4\u00e4n mets\u00e4tiloja mets\u00e4suunnitelman laadinnan kurssille\",\"datePublished\":\"2025-03-28T08:18:27+00:00\",\"dateModified\":\"2025-07-08T14:14:47+00:00\",\"mainEntityOfPage\":{\"@id\":\"https:\/\/jmyo.fi\/yleinen\/etsitaan-metsatiloja-metsasuunnitelman-laadinnan-kurssille\/\"},\"wordCount\":147,\"publisher\":{\"@id\":\"https:\/\/jmyo.fi\/#organization\"},\"image\":{\"@id\":\"https:\/\/jmyo.fi\/yleinen\/etsitaan-metsatiloja-metsasuunnitelman-laadinnan-kurssille\/#primaryimage\"},\"thumbnailUrl\":\"https:\/\/jmyo.fi\/paasivusto\/wp-content\/uploads\/2025\/03\/metso_relaskooppi.png\",\"articleSection\":[\"Yleinen\"],\"inLanguage\":\"en-US\"},{\"@type\":\"WebPage\",\"@id\":\"https:\/\/jmyo.fi\/yleinen\/etsitaan-metsatiloja-metsasuunnitelman-laadinnan-kurssille\/\",\"url\":\"https:\/\/jmyo.fi\/yleinen\/etsitaan-metsatiloja-metsasuunnitelman-laadinnan-kurssille\/\",\"name\":\"Etsit\u00e4\u00e4n mets\u00e4tiloja mets\u00e4suunnitelman laadinnan kurssille - Joensuun Mets\u00e4ylioppilaat ry\",\"isPartOf\":{\"@id\":\"https:\/\/jmyo.fi\/#website\"},\"primaryImageOfPage\":{\"@id\":\"https:\/\/jmyo.fi\/yleinen\/etsitaan-metsatiloja-metsasuunnitelman-laadinnan-kurssille\/#primaryimage\"},\"image\":{\"@id\":\"https:\/\/jmyo.fi\/yleinen\/etsitaan-metsatiloja-metsasuunnitelman-laadinnan-kurssille\/#primaryimage\"},\"thumbnailUrl\":\"https:\/\/jmyo.fi\/paasivusto\/wp-content\/uploads\/2025\/03\/metso_relaskooppi.png\",\"datePublished\":\"2025-03-28T08:18:27+00:00\",\"dateModified\":\"2025-07-08T14:14:47+00:00\",\"breadcrumb\":{\"@id\":\"https:\/\/jmyo.fi\/yleinen\/etsitaan-metsatiloja-metsasuunnitelman-laadinnan-kurssille\/#breadcrumb\"},\"inLanguage\":\"en-US\",\"potentialAction\":[{\"@type\":\"ReadAction\",\"target\":[\"https:\/\/jmyo.fi\/yleinen\/etsitaan-metsatiloja-metsasuunnitelman-laadinnan-kurssille\/\"]}]},{\"@type\":\"ImageObject\",\"inLanguage\":\"en-US\",\"@id\":\"https:\/\/jmyo.fi\/yleinen\/etsitaan-metsatiloja-metsasuunnitelman-laadinnan-kurssille\/#primaryimage\",\"url\":\"https:\/\/jmyo.fi\/paasivusto\/wp-content\/uploads\/2025\/03\/metso_relaskooppi.png\",\"contentUrl\":\"https:\/\/jmyo.fi\/paasivusto\/wp-content\/uploads\/2025\/03\/metso_relaskooppi.png\",\"width\":2048,\"height\":2048},{\"@type\":\"BreadcrumbList\",\"@id\":\"https:\/\/jmyo.fi\/yleinen\/etsitaan-metsatiloja-metsasuunnitelman-laadinnan-kurssille\/#breadcrumb\",\"itemListElement\":[{\"@type\":\"ListItem\",\"position\":1,\"name\":\"Etusivu\",\"item\":\"https:\/\/jmyo.fi\/\"},{\"@type\":\"ListItem\",\"position\":2,\"name\":\"Etsit\u00e4\u00e4n mets\u00e4tiloja mets\u00e4suunnitelman laadinnan kurssille\"}]},{\"@type\":\"WebSite\",\"@id\":\"https:\/\/jmyo.fi\/#website\",\"url\":\"https:\/\/jmyo.fi\/\",\"name\":\"Joensuun Mets\u00e4ylioppilaat ry\",\"description\":\"Mets\u00e4tieteiden ainej\u00e4rjest\u00f6 vuodesta 1982\",\"publisher\":{\"@id\":\"https:\/\/jmyo.fi\/#organization\"},\"potentialAction\":[{\"@type\":\"SearchAction\",\"target\":{\"@type\":\"EntryPoint\",\"urlTemplate\":\"https:\/\/jmyo.fi\/?s={search_term_string}\"},\"query-input\":{\"@type\":\"PropertyValueSpecification\",\"valueRequired\":true,\"valueName\":\"search_term_string\"}}],\"inLanguage\":\"en-US\"},{\"@type\":\"Organization\",\"@id\":\"https:\/\/jmyo.fi\/#organization\",\"name\":\"Joensuun Mets\u00e4ylioppilaat ry\",\"url\":\"https:\/\/jmyo.fi\/\",\"logo\":{\"@type\":\"ImageObject\",\"inLanguage\":\"en-US\",\"@id\":\"https:\/\/jmyo.fi\/#\/schema\/logo\/image\/\",\"url\":\"https:\/\/jmyo.fi\/paasivusto\/wp-content\/uploads\/2021\/02\/cropped-cropped-logo_lehti_ympyra.png\",\"contentUrl\":\"https:\/\/jmyo.fi\/paasivusto\/wp-content\/uploads\/2021\/02\/cropped-cropped-logo_lehti_ympyra.png\",\"width\":512,\"height\":512,\"caption\":\"Joensuun Mets\u00e4ylioppilaat ry\"},\"image\":{\"@id\":\"https:\/\/jmyo.fi\/#\/schema\/logo\/image\/\"}},{\"@type\":\"Person\",\"@id\":\"https:\/\/jmyo.fi\/#\/schema\/person\/114e3f6b3ff56c51094161a93b3d3fec\",\"name\":\"yllapito\",\"url\":\"https:\/\/jmyo.fi\/en\/author\/yllapito\/\"}]}<\/script>\n<!-- \/ Yoast SEO plugin. -->","yoast_head_json":{"title":"Etsit\u00e4\u00e4n mets\u00e4tiloja mets\u00e4suunnitelman laadinnan kurssille - Joensuun Mets\u00e4ylioppilaat ry","robots":{"index":"index","follow":"follow","max-snippet":"max-snippet:-1","max-image-preview":"max-image-preview:large","max-video-preview":"max-video-preview:-1"},"canonical":"https:\/\/jmyo.fi\/en\/yleinen\/etsitaan-metsatiloja-metsasuunnitelman-laadinnan-kurssille\/","og_locale":"en_US","og_type":"article","og_title":"Etsit\u00e4\u00e4n mets\u00e4tiloja mets\u00e4suunnitelman laadinnan kurssille - Joensuun Mets\u00e4ylioppilaat ry","og_description":"Joensuun mets\u00e4ylioppilaat etsii uusia mets\u00e4tiloja mets\u00e4suunnitelman laadinnan kurssille. Mik\u00e4li sinulla tai tutullasi on mets\u00e4tila vailla mets\u00e4suunnitelmaa niin nyt on oiva mahdollisuus teett\u00e4\u00e4 se alan opiskelijoiden kautta! Osana opintojaan Joensuun mets\u00e4ylioppilaat [&hellip;]","og_url":"https:\/\/jmyo.fi\/en\/yleinen\/etsitaan-metsatiloja-metsasuunnitelman-laadinnan-kurssille\/","og_site_name":"Joensuun Mets\u00e4ylioppilaat ry","article_published_time":"2025-03-28T08:18:27+00:00","article_modified_time":"2025-07-08T14:14:47+00:00","og_image":[{"width":2048,"height":2048,"url":"https:\/\/jmyo.fi\/paasivusto\/wp-content\/uploads\/2025\/03\/metso_relaskooppi.png","type":"image\/png"}],"author":"yllapito","twitter_card":"summary_large_image","twitter_misc":{"Written by":"yllapito","Est. reading time":"1 minute"},"schema":{"@context":"https:\/\/schema.org","@graph":[{"@type":"Article","@id":"https:\/\/jmyo.fi\/yleinen\/etsitaan-metsatiloja-metsasuunnitelman-laadinnan-kurssille\/#article","isPartOf":{"@id":"https:\/\/jmyo.fi\/yleinen\/etsitaan-metsatiloja-metsasuunnitelman-laadinnan-kurssille\/"},"author":{"name":"yllapito","@id":"https:\/\/jmyo.fi\/#\/schema\/person\/114e3f6b3ff56c51094161a93b3d3fec"},"headline":"Etsit\u00e4\u00e4n mets\u00e4tiloja mets\u00e4suunnitelman laadinnan kurssille","datePublished":"2025-03-28T08:18:27+00:00","dateModified":"2025-07-08T14:14:47+00:00","mainEntityOfPage":{"@id":"https:\/\/jmyo.fi\/yleinen\/etsitaan-metsatiloja-metsasuunnitelman-laadinnan-kurssille\/"},"wordCount":147,"publisher":{"@id":"https:\/\/jmyo.fi\/#organization"},"image":{"@id":"https:\/\/jmyo.fi\/yleinen\/etsitaan-metsatiloja-metsasuunnitelman-laadinnan-kurssille\/#primaryimage"},"thumbnailUrl":"https:\/\/jmyo.fi\/paasivusto\/wp-content\/uploads\/2025\/03\/metso_relaskooppi.png","articleSection":["Yleinen"],"inLanguage":"en-US"},{"@type":"WebPage","@id":"https:\/\/jmyo.fi\/yleinen\/etsitaan-metsatiloja-metsasuunnitelman-laadinnan-kurssille\/","url":"https:\/\/jmyo.fi\/yleinen\/etsitaan-metsatiloja-metsasuunnitelman-laadinnan-kurssille\/","name":"Etsit\u00e4\u00e4n mets\u00e4tiloja mets\u00e4suunnitelman laadinnan kurssille - Joensuun Mets\u00e4ylioppilaat ry","isPartOf":{"@id":"https:\/\/jmyo.fi\/#website"},"primaryImageOfPage":{"@id":"https:\/\/jmyo.fi\/yleinen\/etsitaan-metsatiloja-metsasuunnitelman-laadinnan-kurssille\/#primaryimage"},"image":{"@id":"https:\/\/jmyo.fi\/yleinen\/etsitaan-metsatiloja-metsasuunnitelman-laadinnan-kurssille\/#primaryimage"},"thumbnailUrl":"https:\/\/jmyo.fi\/paasivusto\/wp-content\/uploads\/2025\/03\/metso_relaskooppi.png","datePublished":"2025-03-28T08:18:27+00:00","dateModified":"2025-07-08T14:14:47+00:00","breadcrumb":{"@id":"https:\/\/jmyo.fi\/yleinen\/etsitaan-metsatiloja-metsasuunnitelman-laadinnan-kurssille\/#breadcrumb"},"inLanguage":"en-US","potentialAction":[{"@type":"ReadAction","target":["https:\/\/jmyo.fi\/yleinen\/etsitaan-metsatiloja-metsasuunnitelman-laadinnan-kurssille\/"]}]},{"@type":"ImageObject","inLanguage":"en-US","@id":"https:\/\/jmyo.fi\/yleinen\/etsitaan-metsatiloja-metsasuunnitelman-laadinnan-kurssille\/#primaryimage","url":"https:\/\/jmyo.fi\/paasivusto\/wp-content\/uploads\/2025\/03\/metso_relaskooppi.png","contentUrl":"https:\/\/jmyo.fi\/paasivusto\/wp-content\/uploads\/2025\/03\/metso_relaskooppi.png","width":2048,"height":2048},{"@type":"BreadcrumbList","@id":"https:\/\/jmyo.fi\/yleinen\/etsitaan-metsatiloja-metsasuunnitelman-laadinnan-kurssille\/#breadcrumb","itemListElement":[{"@type":"ListItem","position":1,"name":"Etusivu","item":"https:\/\/jmyo.fi\/"},{"@type":"ListItem","position":2,"name":"Etsit\u00e4\u00e4n mets\u00e4tiloja mets\u00e4suunnitelman laadinnan kurssille"}]},{"@type":"WebSite","@id":"https:\/\/jmyo.fi\/#website","url":"https:\/\/jmyo.fi\/","name":"Joensuun Mets\u00e4ylioppilaat ry","description":"Mets\u00e4tieteiden ainej\u00e4rjest\u00f6 vuodesta 1982","publisher":{"@id":"https:\/\/jmyo.fi\/#organization"},"potentialAction":[{"@type":"SearchAction","target":{"@type":"EntryPoint","urlTemplate":"https:\/\/jmyo.fi\/?s={search_term_string}"},"query-input":{"@type":"PropertyValueSpecification","valueRequired":true,"valueName":"search_term_string"}}],"inLanguage":"en-US"},{"@type":"Organization","@id":"https:\/\/jmyo.fi\/#organization","name":"Joensuun Mets\u00e4ylioppilaat ry","url":"https:\/\/jmyo.fi\/","logo":{"@type":"ImageObject","inLanguage":"en-US","@id":"https:\/\/jmyo.fi\/#\/schema\/logo\/image\/","url":"https:\/\/jmyo.fi\/paasivusto\/wp-content\/uploads\/2021\/02\/cropped-cropped-logo_lehti_ympyra.png","contentUrl":"https:\/\/jmyo.fi\/paasivusto\/wp-content\/uploads\/2021\/02\/cropped-cropped-logo_lehti_ympyra.png","width":512,"height":512,"caption":"Joensuun Mets\u00e4ylioppilaat ry"},"image":{"@id":"https:\/\/jmyo.fi\/#\/schema\/logo\/image\/"}},{"@type":"Person","@id":"https:\/\/jmyo.fi\/#\/schema\/person\/114e3f6b3ff56c51094161a93b3d3fec","name":"yllapito","url":"https:\/\/jmyo.fi\/en\/author\/yllapito\/"}]}},"_links":{"self":[{"href":"https:\/\/jmyo.fi\/en\/wp-json\/wp\/v2\/posts\/119914","targetHints":{"allow":["GET"]}}],"collection":[{"href":"https:\/\/jmyo.fi\/en\/wp-json\/wp\/v2\/posts"}],"about":[{"href":"https:\/\/jmyo.fi\/en\/wp-json\/wp\/v2\/types\/post"}],"author":[{"embeddable":true,"href":"https:\/\/jmyo.fi\/en\/wp-json\/wp\/v2\/users\/4"}],"replies":[{"embeddable":true,"href":"https:\/\/jmyo.fi\/en\/wp-json\/wp\/v2\/comments?post=119914"}],"version-history":[{"count":1,"href":"https:\/\/jmyo.fi\/en\/wp-json\/wp\/v2\/posts\/119914\/revisions"}],"predecessor-version":[{"id":119991,"href":"https:\/\/jmyo.fi\/en\/wp-json\/wp\/v2\/posts\/119914\/revisions\/119991"}],"wp:featuredmedia":[{"embeddable":true,"href":"https:\/\/jmyo.fi\/en\/wp-json\/wp\/v2\/media\/119920"}],"wp:attachment":[{"href":"https:\/\/jmyo.fi\/en\/wp-json\/wp\/v2\/media?parent=119914"}],"wp:term":[{"taxonomy":"category","embeddable":true,"href":"https:\/\/jmyo.fi\/en\/wp-json\/wp\/v2\/categories?post=119914"},{"taxonomy":"post_tag","embeddable":true,"href":"https:\/\/jmyo.fi\/en\/wp-json\/wp\/v2\/tags?post=119914"}],"curies":[{"name":"wp","href":"https:\/\/api.w.org\/{rel}","templated":true}]}}