{"id":118903,"date":"2023-01-24T00:03:29","date_gmt":"2023-01-23T22:03:29","guid":{"rendered":"https:\/\/jmyo.fi\/?p=118903"},"modified":"2023-01-24T00:03:32","modified_gmt":"2023-01-23T22:03:32","slug":"hallitus-vuodelle-2023","status":"publish","type":"post","link":"https:\/\/jmyo.fi\/en\/yleinen\/hallitus-vuodelle-2023\/","title":{"rendered":"Hallitus vuodelle 2023"},"content":{"rendered":"<p>Joensuun mets\u00e4ylioppilaat ry:n uusi hallitus vuodelle 2023 valittiin syyskokouksessa 31.10.2022.<\/p><p>Puheenjohtaja: Matias Rissanen<\/p><p>Varapuheenjohtaja: Iikka Kyn\u00e4slahti<\/p><p>Sihteeri: Anna Tynkkynen<\/p><p>Talousvastaava: Rai Velasquez<\/p><p>Tiedotusvastaava: Juho Lehtola<\/p><p>Tapahtumavastaavat: Anni Oinonen ja Hanna M\u00e4kkeli<\/p><p>Kansainv\u00e4lisyysvastaava: Veera Hautala<\/p><p>Liikuntavastaava: Juuso Laajalehto<\/p><p>Edunvalvontavastaava: Elisa Vuorimaa<\/p><p>Yrityssuhdevastaava: Saku Paukkunen<\/p><p>Hallituksen j\u00e4sen: Santtu Lehtonen<\/p>","protected":false},"excerpt":{"rendered":"<p>Joensuun mets\u00e4ylioppilaat ry:n uusi hallitus vuodelle 2023 valittiin syyskokouksessa 31.10.2022. Puheenjohtaja: Matias Rissanen Varapuheenjohtaja: Iikka Kyn\u00e4slahti Sihteeri: Anna Tynkkynen Talousvastaava: Rai Velasquez Tiedotusvastaava: Juho Lehtola Tapahtumavastaavat: Anni Oinonen ja Hanna [&hellip;]<\/p>","protected":false},"author":4,"featured_media":0,"comment_status":"closed","ping_status":"closed","sticky":false,"template":"","format":"standard","meta":{"_acf_changed":false,"footnotes":""},"categories":[31],"tags":[],"class_list":["post-118903","post","type-post","status-publish","format-standard","hentry","category-yleinen"],"acf":[],"yoast_head":"<!-- This site is optimized with the Yoast SEO plugin v24.7 - https:\/\/yoast.com\/wordpress\/plugins\/seo\/ -->\n<title>Hallitus vuodelle 2023 - Joensuun Mets\u00e4ylioppilaat ry<\/title>\n<meta name=\"robots\" content=\"index, follow, max-snippet:-1, max-image-preview:large, max-video-preview:-1\" \/>\n<link rel=\"canonical\" href=\"https:\/\/jmyo.fi\/en\/yleinen\/hallitus-vuodelle-2023\/\" \/>\n<meta property=\"og:locale\" content=\"en_US\" \/>\n<meta property=\"og:type\" content=\"article\" \/>\n<meta property=\"og:title\" content=\"Hallitus vuodelle 2023 - Joensuun Mets\u00e4ylioppilaat ry\" \/>\n<meta property=\"og:description\" content=\"Joensuun mets\u00e4ylioppilaat ry:n uusi hallitus vuodelle 2023 valittiin syyskokouksessa 31.10.2022. Puheenjohtaja: Matias Rissanen Varapuheenjohtaja: Iikka Kyn\u00e4slahti Sihteeri: Anna Tynkkynen Talousvastaava: Rai Velasquez Tiedotusvastaava: Juho Lehtola Tapahtumavastaavat: Anni Oinonen ja Hanna [&hellip;]\" \/>\n<meta property=\"og:url\" content=\"https:\/\/jmyo.fi\/en\/yleinen\/hallitus-vuodelle-2023\/\" \/>\n<meta property=\"og:site_name\" content=\"Joensuun Mets\u00e4ylioppilaat ry\" \/>\n<meta property=\"article:published_time\" content=\"2023-01-23T22:03:29+00:00\" \/>\n<meta property=\"article:modified_time\" content=\"2023-01-23T22:03:32+00:00\" \/>\n<meta name=\"author\" content=\"yllapito\" \/>\n<meta name=\"twitter:card\" content=\"summary_large_image\" \/>\n<meta name=\"twitter:label1\" content=\"Written by\" \/>\n\t<meta name=\"twitter:data1\" content=\"yllapito\" \/>\n\t<meta name=\"twitter:label2\" content=\"Est. reading time\" \/>\n\t<meta name=\"twitter:data2\" content=\"1 minute\" \/>\n<script type=\"application\/ld+json\" class=\"yoast-schema-graph\">{\"@context\":\"https:\/\/schema.org\",\"@graph\":[{\"@type\":\"Article\",\"@id\":\"https:\/\/jmyo.fi\/yleinen\/hallitus-vuodelle-2023\/#article\",\"isPartOf\":{\"@id\":\"https:\/\/jmyo.fi\/yleinen\/hallitus-vuodelle-2023\/\"},\"author\":{\"name\":\"yllapito\",\"@id\":\"https:\/\/jmyo.fi\/#\/schema\/person\/114e3f6b3ff56c51094161a93b3d3fec\"},\"headline\":\"Hallitus vuodelle 2023\",\"datePublished\":\"2023-01-23T22:03:29+00:00\",\"dateModified\":\"2023-01-23T22:03:32+00:00\",\"mainEntityOfPage\":{\"@id\":\"https:\/\/jmyo.fi\/yleinen\/hallitus-vuodelle-2023\/\"},\"wordCount\":53,\"publisher\":{\"@id\":\"https:\/\/jmyo.fi\/#organization\"},\"articleSection\":[\"Yleinen\"],\"inLanguage\":\"en-US\"},{\"@type\":\"WebPage\",\"@id\":\"https:\/\/jmyo.fi\/yleinen\/hallitus-vuodelle-2023\/\",\"url\":\"https:\/\/jmyo.fi\/yleinen\/hallitus-vuodelle-2023\/\",\"name\":\"Hallitus vuodelle 2023 - Joensuun Mets\u00e4ylioppilaat ry\",\"isPartOf\":{\"@id\":\"https:\/\/jmyo.fi\/#website\"},\"datePublished\":\"2023-01-23T22:03:29+00:00\",\"dateModified\":\"2023-01-23T22:03:32+00:00\",\"breadcrumb\":{\"@id\":\"https:\/\/jmyo.fi\/yleinen\/hallitus-vuodelle-2023\/#breadcrumb\"},\"inLanguage\":\"en-US\",\"potentialAction\":[{\"@type\":\"ReadAction\",\"target\":[\"https:\/\/jmyo.fi\/yleinen\/hallitus-vuodelle-2023\/\"]}]},{\"@type\":\"BreadcrumbList\",\"@id\":\"https:\/\/jmyo.fi\/yleinen\/hallitus-vuodelle-2023\/#breadcrumb\",\"itemListElement\":[{\"@type\":\"ListItem\",\"position\":1,\"name\":\"Etusivu\",\"item\":\"https:\/\/jmyo.fi\/\"},{\"@type\":\"ListItem\",\"position\":2,\"name\":\"Hallitus vuodelle 2023\"}]},{\"@type\":\"WebSite\",\"@id\":\"https:\/\/jmyo.fi\/#website\",\"url\":\"https:\/\/jmyo.fi\/\",\"name\":\"Joensuun Mets\u00e4ylioppilaat ry\",\"description\":\"Mets\u00e4tieteiden ainej\u00e4rjest\u00f6 vuodesta 1982\",\"publisher\":{\"@id\":\"https:\/\/jmyo.fi\/#organization\"},\"potentialAction\":[{\"@type\":\"SearchAction\",\"target\":{\"@type\":\"EntryPoint\",\"urlTemplate\":\"https:\/\/jmyo.fi\/?s={search_term_string}\"},\"query-input\":{\"@type\":\"PropertyValueSpecification\",\"valueRequired\":true,\"valueName\":\"search_term_string\"}}],\"inLanguage\":\"en-US\"},{\"@type\":\"Organization\",\"@id\":\"https:\/\/jmyo.fi\/#organization\",\"name\":\"Joensuun Mets\u00e4ylioppilaat ry\",\"url\":\"https:\/\/jmyo.fi\/\",\"logo\":{\"@type\":\"ImageObject\",\"inLanguage\":\"en-US\",\"@id\":\"https:\/\/jmyo.fi\/#\/schema\/logo\/image\/\",\"url\":\"https:\/\/jmyo.fi\/paasivusto\/wp-content\/uploads\/2021\/02\/cropped-cropped-logo_lehti_ympyra.png\",\"contentUrl\":\"https:\/\/jmyo.fi\/paasivusto\/wp-content\/uploads\/2021\/02\/cropped-cropped-logo_lehti_ympyra.png\",\"width\":512,\"height\":512,\"caption\":\"Joensuun Mets\u00e4ylioppilaat ry\"},\"image\":{\"@id\":\"https:\/\/jmyo.fi\/#\/schema\/logo\/image\/\"}},{\"@type\":\"Person\",\"@id\":\"https:\/\/jmyo.fi\/#\/schema\/person\/114e3f6b3ff56c51094161a93b3d3fec\",\"name\":\"yllapito\",\"url\":\"https:\/\/jmyo.fi\/en\/author\/yllapito\/\"}]}<\/script>\n<!-- \/ Yoast SEO plugin. -->","yoast_head_json":{"title":"Hallitus vuodelle 2023 - Joensuun Mets\u00e4ylioppilaat ry","robots":{"index":"index","follow":"follow","max-snippet":"max-snippet:-1","max-image-preview":"max-image-preview:large","max-video-preview":"max-video-preview:-1"},"canonical":"https:\/\/jmyo.fi\/en\/yleinen\/hallitus-vuodelle-2023\/","og_locale":"en_US","og_type":"article","og_title":"Hallitus vuodelle 2023 - Joensuun Mets\u00e4ylioppilaat ry","og_description":"Joensuun mets\u00e4ylioppilaat ry:n uusi hallitus vuodelle 2023 valittiin syyskokouksessa 31.10.2022. Puheenjohtaja: Matias Rissanen Varapuheenjohtaja: Iikka Kyn\u00e4slahti Sihteeri: Anna Tynkkynen Talousvastaava: Rai Velasquez Tiedotusvastaava: Juho Lehtola Tapahtumavastaavat: Anni Oinonen ja Hanna [&hellip;]","og_url":"https:\/\/jmyo.fi\/en\/yleinen\/hallitus-vuodelle-2023\/","og_site_name":"Joensuun Mets\u00e4ylioppilaat ry","article_published_time":"2023-01-23T22:03:29+00:00","article_modified_time":"2023-01-23T22:03:32+00:00","author":"yllapito","twitter_card":"summary_large_image","twitter_misc":{"Written by":"yllapito","Est. reading time":"1 minute"},"schema":{"@context":"https:\/\/schema.org","@graph":[{"@type":"Article","@id":"https:\/\/jmyo.fi\/yleinen\/hallitus-vuodelle-2023\/#article","isPartOf":{"@id":"https:\/\/jmyo.fi\/yleinen\/hallitus-vuodelle-2023\/"},"author":{"name":"yllapito","@id":"https:\/\/jmyo.fi\/#\/schema\/person\/114e3f6b3ff56c51094161a93b3d3fec"},"headline":"Hallitus vuodelle 2023","datePublished":"2023-01-23T22:03:29+00:00","dateModified":"2023-01-23T22:03:32+00:00","mainEntityOfPage":{"@id":"https:\/\/jmyo.fi\/yleinen\/hallitus-vuodelle-2023\/"},"wordCount":53,"publisher":{"@id":"https:\/\/jmyo.fi\/#organization"},"articleSection":["Yleinen"],"inLanguage":"en-US"},{"@type":"WebPage","@id":"https:\/\/jmyo.fi\/yleinen\/hallitus-vuodelle-2023\/","url":"https:\/\/jmyo.fi\/yleinen\/hallitus-vuodelle-2023\/","name":"Hallitus vuodelle 2023 - Joensuun Mets\u00e4ylioppilaat ry","isPartOf":{"@id":"https:\/\/jmyo.fi\/#website"},"datePublished":"2023-01-23T22:03:29+00:00","dateModified":"2023-01-23T22:03:32+00:00","breadcrumb":{"@id":"https:\/\/jmyo.fi\/yleinen\/hallitus-vuodelle-2023\/#breadcrumb"},"inLanguage":"en-US","potentialAction":[{"@type":"ReadAction","target":["https:\/\/jmyo.fi\/yleinen\/hallitus-vuodelle-2023\/"]}]},{"@type":"BreadcrumbList","@id":"https:\/\/jmyo.fi\/yleinen\/hallitus-vuodelle-2023\/#breadcrumb","itemListElement":[{"@type":"ListItem","position":1,"name":"Etusivu","item":"https:\/\/jmyo.fi\/"},{"@type":"ListItem","position":2,"name":"Hallitus vuodelle 2023"}]},{"@type":"WebSite","@id":"https:\/\/jmyo.fi\/#website","url":"https:\/\/jmyo.fi\/","name":"Joensuun Mets\u00e4ylioppilaat ry","description":"Mets\u00e4tieteiden ainej\u00e4rjest\u00f6 vuodesta 1982","publisher":{"@id":"https:\/\/jmyo.fi\/#organization"},"potentialAction":[{"@type":"SearchAction","target":{"@type":"EntryPoint","urlTemplate":"https:\/\/jmyo.fi\/?s={search_term_string}"},"query-input":{"@type":"PropertyValueSpecification","valueRequired":true,"valueName":"search_term_string"}}],"inLanguage":"en-US"},{"@type":"Organization","@id":"https:\/\/jmyo.fi\/#organization","name":"Joensuun Mets\u00e4ylioppilaat ry","url":"https:\/\/jmyo.fi\/","logo":{"@type":"ImageObject","inLanguage":"en-US","@id":"https:\/\/jmyo.fi\/#\/schema\/logo\/image\/","url":"https:\/\/jmyo.fi\/paasivusto\/wp-content\/uploads\/2021\/02\/cropped-cropped-logo_lehti_ympyra.png","contentUrl":"https:\/\/jmyo.fi\/paasivusto\/wp-content\/uploads\/2021\/02\/cropped-cropped-logo_lehti_ympyra.png","width":512,"height":512,"caption":"Joensuun Mets\u00e4ylioppilaat ry"},"image":{"@id":"https:\/\/jmyo.fi\/#\/schema\/logo\/image\/"}},{"@type":"Person","@id":"https:\/\/jmyo.fi\/#\/schema\/person\/114e3f6b3ff56c51094161a93b3d3fec","name":"yllapito","url":"https:\/\/jmyo.fi\/en\/author\/yllapito\/"}]}},"_links":{"self":[{"href":"https:\/\/jmyo.fi\/en\/wp-json\/wp\/v2\/posts\/118903","targetHints":{"allow":["GET"]}}],"collection":[{"href":"https:\/\/jmyo.fi\/en\/wp-json\/wp\/v2\/posts"}],"about":[{"href":"https:\/\/jmyo.fi\/en\/wp-json\/wp\/v2\/types\/post"}],"author":[{"embeddable":true,"href":"https:\/\/jmyo.fi\/en\/wp-json\/wp\/v2\/users\/4"}],"replies":[{"embeddable":true,"href":"https:\/\/jmyo.fi\/en\/wp-json\/wp\/v2\/comments?post=118903"}],"version-history":[{"count":2,"href":"https:\/\/jmyo.fi\/en\/wp-json\/wp\/v2\/posts\/118903\/revisions"}],"predecessor-version":[{"id":118906,"href":"https:\/\/jmyo.fi\/en\/wp-json\/wp\/v2\/posts\/118903\/revisions\/118906"}],"wp:attachment":[{"href":"https:\/\/jmyo.fi\/en\/wp-json\/wp\/v2\/media?parent=118903"}],"wp:term":[{"taxonomy":"category","embeddable":true,"href":"https:\/\/jmyo.fi\/en\/wp-json\/wp\/v2\/categories?post=118903"},{"taxonomy":"post_tag","embeddable":true,"href":"https:\/\/jmyo.fi\/en\/wp-json\/wp\/v2\/tags?post=118903"}],"curies":[{"name":"wp","href":"https:\/\/api.w.org\/{rel}","templated":true}]}}